{"id":1601,"date":"2025-08-26T16:57:24","date_gmt":"2025-08-26T14:57:24","guid":{"rendered":"https:\/\/turismo.globalformsrl.it\/?p=1601"},"modified":"2026-04-14T11:08:38","modified_gmt":"2026-04-14T09:08:38","slug":"vicoli-vicarielli-miracomics-edition-a-mirabella-eclano","status":"publish","type":"post","link":"https:\/\/turismo.globalformsrl.it\/index.php\/2025\/08\/26\/vicoli-vicarielli-miracomics-edition-a-mirabella-eclano\/","title":{"rendered":"Vicoli &amp; Vicarielli \u2013 Miracomics Edition\u201d a Mirabella Eclano"},"content":{"rendered":"\n<p>Il <strong>29 e 30 agosto 2025<\/strong> il centro storico di <strong>Mirabella Eclano<\/strong> si trasformer\u00e0 in un palcoscenico vivace e colorato con il ritorno di <strong>\u201cVicoli &amp; Vicarielli\u201d<\/strong>, quest\u2019anno in una veste rinnovata e sorprendente: la <strong>Miracomics Edition<\/strong>. L\u2019evento, organizzato dall\u2019<strong>Associazione Vivi Mirabella<\/strong> con il patrocinio del <strong>Comune di Mirabella Eclano<\/strong>, promette di essere una due giorni all\u2019insegna della creativit\u00e0, dell\u2019energia e del divertimento.<\/p>\n\n\n\n<p>I vicoli dell\u2019antico borgo si animeranno di <strong>musica, artisti di strada, cosplay e spettacoli<\/strong>, creando un\u2019atmosfera unica dove tradizione e innovazione si incontrano. Non mancheranno naturalmente gli stand gastronomici, che offriranno specialit\u00e0 locali e piatti tipici, rendendo l\u2019esperienza ancora pi\u00f9 completa e coinvolgente.<\/p>\n\n\n\n<p>La manifestazione segna l\u2019avvio del <strong>Settembre Eclanese<\/strong>, il cartellone di eventi che accompagna l\u2019intero mese e che culmina con la celebre <strong>Tirata dell\u2019Obelisco di Paglia<\/strong>, una delle feste popolari pi\u00f9 conosciute e sentite dell\u2019Irpinia. In questo contesto, \u201cVicoli &amp; Vicarielli\u201d rappresenta l\u2019occasione perfetta per dare inizio alle celebrazioni con una formula che unisce <strong>arte, cultura pop e tradizione locale<\/strong>.<\/p>\n\n\n\n<p>Durante i due giorni, oltre agli spettacoli itineranti e alle attivit\u00e0 pensate per grandi e piccoli, i visitatori potranno approfittare dell\u2019apertura di <strong>musei, mostre ed edifici religiosi<\/strong> che custodiscono l\u2019eccezionale patrimonio storico e culturale della cittadina. Una passeggiata tra i vicoli di Mirabella diventer\u00e0 cos\u00ec anche un viaggio nella memoria, tra arte, storia e spiritualit\u00e0.<\/p>\n\n\n\n<p><strong>\u201cVicoli &amp; Vicarielli \u2013 Miracomics Edition\u201d<\/strong> non \u00e8 soltanto un evento, ma un\u2019esperienza che unisce il piacere dello stare insieme alla scoperta delle bellezze dell\u2019Irpinia. Una splendida occasione per divertirsi, conoscere da vicino le tradizioni di un borgo autentico e vivere due giorni di festa immersi in un\u2019atmosfera gioiosa e accogliente.<\/p>\n","protected":false},"excerpt":{"rendered":"<p>Il 29 e 30 agosto 2025 il centro storico di Mirabella Eclano si trasformer\u00e0 in un palcoscenico vivace e colorato con il ritorno di \u201cVicoli &amp; Vicarielli\u201d, quest\u2019anno in una &hellip; <\/p>\n","protected":false},"author":4,"featured_media":1602,"comment_status":"closed","ping_status":"open","sticky":false,"template":"","format":"standard","meta":{"footnotes":""},"categories":[156],"tags":[158,157,160,159],"class_list":["post-1601","post","type-post","status-publish","format-standard","has-post-thumbnail","hentry","category-eventi-irpinia","tag-eventi","tag-irpinia","tag-mirabella-eclano","tag-serate","latest_post"],"_links":{"self":[{"href":"https:\/\/turismo.globalformsrl.it\/index.php\/wp-json\/wp\/v2\/posts\/1601","targetHints":{"allow":["GET"]}}],"collection":[{"href":"https:\/\/turismo.globalformsrl.it\/index.php\/wp-json\/wp\/v2\/posts"}],"about":[{"href":"https:\/\/turismo.globalformsrl.it\/index.php\/wp-json\/wp\/v2\/types\/post"}],"author":[{"embeddable":true,"href":"https:\/\/turismo.globalformsrl.it\/index.php\/wp-json\/wp\/v2\/users\/4"}],"replies":[{"embeddable":true,"href":"https:\/\/turismo.globalformsrl.it\/index.php\/wp-json\/wp\/v2\/comments?post=1601"}],"version-history":[{"count":1,"href":"https:\/\/turismo.globalformsrl.it\/index.php\/wp-json\/wp\/v2\/posts\/1601\/revisions"}],"predecessor-version":[{"id":1603,"href":"https:\/\/turismo.globalformsrl.it\/index.php\/wp-json\/wp\/v2\/posts\/1601\/revisions\/1603"}],"wp:featuredmedia":[{"embeddable":true,"href":"https:\/\/turismo.globalformsrl.it\/index.php\/wp-json\/wp\/v2\/media\/1602"}],"wp:attachment":[{"href":"https:\/\/turismo.globalformsrl.it\/index.php\/wp-json\/wp\/v2\/media?parent=1601"}],"wp:term":[{"taxonomy":"category","embeddable":true,"href":"https:\/\/turismo.globalformsrl.it\/index.php\/wp-json\/wp\/v2\/categories?post=1601"},{"taxonomy":"post_tag","embeddable":true,"href":"https:\/\/turismo.globalformsrl.it\/index.php\/wp-json\/wp\/v2\/tags?post=1601"}],"curies":[{"name":"wp","href":"https:\/\/api.w.org\/{rel}","templated":true}]}}