{"id":1597,"date":"2025-08-26T16:26:56","date_gmt":"2025-08-26T14:26:56","guid":{"rendered":"https:\/\/turismo.globalformsrl.it\/?p=1597"},"modified":"2026-04-14T11:08:36","modified_gmt":"2026-04-14T09:08:36","slug":"la-sagra-della-lagane-e-ceci-a-macchia-montecorvino-rovella","status":"publish","type":"post","link":"https:\/\/turismo.globalformsrl.it\/index.php\/2025\/08\/26\/la-sagra-della-lagane-e-ceci-a-macchia-montecorvino-rovella\/","title":{"rendered":"La Sagra della Lagane e Ceci a Macchia (Montecorvino Rovella)"},"content":{"rendered":"\n<p>Nel suggestivo scenario collinare di Macchia, frazione del comune di Montecorvino Rovella (in provincia di Salerno), si rinnova ogni anno un appuntamento conviviale imperdibile: la <strong>Sagra della Porchetta e delle Lagane e Ceci<\/strong>. \u00c8 una festa che celebra i sapori autentici della tradizione contadina, unendo piatti rustici, musica e convivialit\u00e0 in un\u2019atmosfera festosa e accogliente. <\/p>\n\n\n\n<h3 class=\"wp-block-heading has-vivid-red-color has-text-color has-link-color wp-elements-23e02ba9e6a7f705c83caa1eedcaf9d5\">Quando si svolge<\/h3>\n\n\n\n<p>Generalmente, l\u2019evento si tiene durante il primo fine settimana di settembre, <strong>dal 31 agosto al 2 settembre<\/strong>. L\u2019ingresso alla sagra \u00e8 gratuito, e per l\u2019edizione di quest\u2019anno \u00e8 previsto un adeguato numero di posti a sedere (circa settecento) e ampie aree per parcheggiare (circa duemila posti auto).<\/p>\n\n\n\n<h3 class=\"wp-block-heading has-vivid-red-color has-text-color has-link-color wp-elements-4201d1e0a3f9020f5a85de731615e2ca\">Programma musicale e intrattenimento<\/h3>\n\n\n\n<p>La Sagra non \u00e8 solo buona tavola: ogni giorno riserva spettacoli musicali e intrattenimento con ospiti di rilievo. Tra gli artisti delle edizioni recenti si ricordano <strong>Tony Colombo<\/strong>, <strong>Tony Tammaro<\/strong> e <strong>Ciro Principe<\/strong>, noto per il suo ruolo nella serie &#8220;Gomorra&#8221;. L\u2019atmosfera \u00e8 dinamica e festosa: buona musica, convivialit\u00e0 e un ambiente adatto a famiglie e gruppi di amici.<\/p>\n\n\n\n<h3 class=\"wp-block-heading has-vivid-red-color has-text-color has-link-color wp-elements-6a4c39efd17d9f69b92434b6a74dd596\">Il cuore gastronomico della festa<\/h3>\n\n\n\n<p>Protagoniste della sagra sono <strong>le lagane e i ceci<\/strong>, tradizionale pasta casereccia simile alle tagliatelle, servita in tegamino. Le lagane sono preparate con cura, seguendo la genuinit\u00e0 delle ricette locali, e accompagnate dai ceci, simbolo della cucina povera e contadina che celebra la semplicit\u00e0 valorizzata nel tempo.<br>Accanto al piatto simbolo, non pu\u00f2 mancare il <strong>panino con porchetta<\/strong>, altra specialit\u00e0 molto apprezzata alla sagra. Immancabili anche dolci tipici locali e il <strong>vino rosso del territorio<\/strong>, che completano l\u2019offerta gastronomica tradizionale<\/p>\n","protected":false},"excerpt":{"rendered":"<p>Nel suggestivo scenario collinare di Macchia, frazione del comune di Montecorvino Rovella (in provincia di Salerno), si rinnova ogni anno un appuntamento conviviale imperdibile: la Sagra della Porchetta e delle &hellip; <\/p>\n","protected":false},"author":4,"featured_media":1598,"comment_status":"closed","ping_status":"open","sticky":false,"template":"","format":"standard","meta":{"footnotes":""},"categories":[148],"tags":[152,154,149,153],"class_list":["post-1597","post","type-post","status-publish","format-standard","has-post-thumbnail","hentry","category-sagre","tag-ceci","tag-festa","tag-sagre","tag-salerno","latest_post"],"_links":{"self":[{"href":"https:\/\/turismo.globalformsrl.it\/index.php\/wp-json\/wp\/v2\/posts\/1597","targetHints":{"allow":["GET"]}}],"collection":[{"href":"https:\/\/turismo.globalformsrl.it\/index.php\/wp-json\/wp\/v2\/posts"}],"about":[{"href":"https:\/\/turismo.globalformsrl.it\/index.php\/wp-json\/wp\/v2\/types\/post"}],"author":[{"embeddable":true,"href":"https:\/\/turismo.globalformsrl.it\/index.php\/wp-json\/wp\/v2\/users\/4"}],"replies":[{"embeddable":true,"href":"https:\/\/turismo.globalformsrl.it\/index.php\/wp-json\/wp\/v2\/comments?post=1597"}],"version-history":[{"count":1,"href":"https:\/\/turismo.globalformsrl.it\/index.php\/wp-json\/wp\/v2\/posts\/1597\/revisions"}],"predecessor-version":[{"id":1599,"href":"https:\/\/turismo.globalformsrl.it\/index.php\/wp-json\/wp\/v2\/posts\/1597\/revisions\/1599"}],"wp:featuredmedia":[{"embeddable":true,"href":"https:\/\/turismo.globalformsrl.it\/index.php\/wp-json\/wp\/v2\/media\/1598"}],"wp:attachment":[{"href":"https:\/\/turismo.globalformsrl.it\/index.php\/wp-json\/wp\/v2\/media?parent=1597"}],"wp:term":[{"taxonomy":"category","embeddable":true,"href":"https:\/\/turismo.globalformsrl.it\/index.php\/wp-json\/wp\/v2\/categories?post=1597"},{"taxonomy":"post_tag","embeddable":true,"href":"https:\/\/turismo.globalformsrl.it\/index.php\/wp-json\/wp\/v2\/tags?post=1597"}],"curies":[{"name":"wp","href":"https:\/\/api.w.org\/{rel}","templated":true}]}}