{"id":1417,"date":"2025-06-18T09:56:21","date_gmt":"2025-06-18T07:56:21","guid":{"rendered":"https:\/\/turismo.globalformsrl.it\/?p=1417"},"modified":"2026-04-14T11:08:30","modified_gmt":"2026-04-14T09:08:30","slug":"metro-del-mare-al-via-i-collegamenti-estivi-verso-il-cilento-operativi-fino-al-2028","status":"publish","type":"post","link":"https:\/\/turismo.globalformsrl.it\/index.php\/2025\/06\/18\/metro-del-mare-al-via-i-collegamenti-estivi-verso-il-cilento-operativi-fino-al-2028\/","title":{"rendered":"Metr\u00f2 del Mare: al via i collegamenti estivi verso il Cilento, operativi fino al 2028"},"content":{"rendered":"\n<p>Il <strong>Metr\u00f2 del Mare<\/strong> si prepara a solcare nuovamente le acque del Tirreno, riattivando le rotte verso il <strong>Cilento<\/strong> con una novit\u00e0 di rilievo: l\u2019affidamento di un <strong>primo lotto di collegamenti per quattro anni<\/strong>, ponendo fine alla logica dei bandi annuali. A gestire l\u2019iniziativa \u00e8 l\u2019<strong>Agenzia Campana Mobilit\u00e0 Infrastrutture e Reti (ACaMIR)<\/strong>, con un finanziamento complessivo di circa <strong>7 milioni di euro stanziati dalla Regione Campania<\/strong>. Se non si verificheranno rallentamenti di tipo burocratico, la partenza \u00e8 prevista per il <strong>1\u00b0 luglio 2025<\/strong>, con un\u2019operativit\u00e0 garantita fino al <strong>2028<\/strong>.<\/p>\n\n\n\n<hr class=\"wp-block-separator has-alpha-channel-opacity\"\/>\n\n\n\n<h3 class=\"wp-block-heading has-black-color has-text-color has-link-color wp-elements-ae092651d878bef6bcde428a46f781b8\"><strong>Due linee principali per il Cilento<\/strong><\/h3>\n\n\n\n<p>Il primo lotto di collegamenti comprende due direttrici che toccheranno le principali localit\u00e0 costiere del Cilento:<\/p>\n\n\n\n<ul class=\"wp-block-list\">\n<li><strong>Linea A1 \u2013 Salerno-Costa d\u2019Amalfi<\/strong>: attiva <strong>dal luned\u00ec al venerd\u00ec<\/strong>, collegher\u00e0 <strong>Salerno (molo Manfredi)<\/strong> a <strong>Positano<\/strong>, facendo scalo nei porti cilentani di <strong>Agropoli<\/strong> e <strong>San Marco di Castellabate<\/strong>, per poi proseguire fino ad <strong>Amalfi<\/strong>.<\/li>\n\n\n\n<li><strong>Linea A2 \u2013 Salerno-Acciaroli<\/strong>: operativa <strong>nel fine settimana (sabato e domenica)<\/strong>, questa tratta garantir\u00e0 collegamenti da <strong>Salerno<\/strong> a <strong>Acciaroli<\/strong>, con fermate intermedie ad <strong>Agropoli<\/strong> e <strong>San Marco di Castellabate<\/strong>.<\/li>\n<\/ul>\n\n\n\n<p>Si tratta di un importante passo avanti per la mobilit\u00e0 costiera, che punta a incentivare il turismo sostenibile e a facilitare gli spostamenti tra le localit\u00e0 cilentane e la costiera amalfitana.<\/p>\n\n\n\n<hr class=\"wp-block-separator has-alpha-channel-opacity\"\/>\n\n\n\n<h3 class=\"wp-block-heading has-black-color has-text-color has-link-color wp-elements-d7b2bd510f9f1399982b36975062c08a\"><strong>Il secondo lotto resta senza operatori<\/strong><\/h3>\n\n\n\n<p>Nonostante il successo iniziale, il progetto incontra una battuta d\u2019arresto con il <strong>secondo lotto<\/strong> di collegamenti, che avrebbe dovuto estendere il servizio ai porti di <strong>Casal Velino<\/strong>, <strong>Pisciotta<\/strong>, <strong>Palinuro<\/strong> e <strong>Marina di Camerota<\/strong>. Il bando non ha ricevuto alcuna manifestazione di interesse da parte degli armatori, obbligando l\u2019ACaMIR a <strong>rinviare l\u2019assegnazione<\/strong> e a predisporre una <strong>nuova gara<\/strong>.<\/p>\n\n\n\n<p>Questo imprevisto blocca temporaneamente l\u2019idea ambiziosa di creare ad <strong>Agropoli<\/strong> un <strong>hub portuale strategico<\/strong>, dal quale avrebbe dovuto partire una <strong>seconda linea interna<\/strong> completamente dedicata ai collegamenti cilentani, con l\u2019obiettivo di rafforzare l\u2019integrazione tra i porti del territorio.<\/p>\n\n\n\n<hr class=\"wp-block-separator has-alpha-channel-opacity\"\/>\n\n\n\n<h3 class=\"wp-block-heading has-black-color has-text-color has-link-color wp-elements-65a7d4ee5833c86c69898c3bd2542882\"><strong>Prospettive future<\/strong><\/h3>\n\n\n\n<p>Il rilancio del Metr\u00f2 del Mare, nonostante gli ostacoli, rappresenta una significativa opportunit\u00e0 per il territorio cilentano, che potr\u00e0 contare su <strong>collegamenti marittimi stabili, affidabili e programmati a lungo termine<\/strong>. Rimane ora da capire se e quando il secondo lotto verr\u00e0 riassegnato, per completare una rete di trasporto marittimo davvero capillare lungo tutta la costa del Cilento.<\/p>\n\n\n\n\n","protected":false},"excerpt":{"rendered":"<p>Il Metr\u00f2 del Mare si prepara a solcare nuovamente le acque del Tirreno, riattivando le rotte verso il Cilento con una novit\u00e0 di rilievo: l\u2019affidamento di un primo lotto di &hellip; <\/p>\n","protected":false},"author":4,"featured_media":1419,"comment_status":"closed","ping_status":"open","sticky":false,"template":"","format":"standard","meta":{"footnotes":""},"categories":[119],"tags":[121,122],"class_list":["post-1417","post","type-post","status-publish","format-standard","has-post-thumbnail","hentry","category-cilento","tag-cilento","tag-mare","latest_post"],"_links":{"self":[{"href":"https:\/\/turismo.globalformsrl.it\/index.php\/wp-json\/wp\/v2\/posts\/1417","targetHints":{"allow":["GET"]}}],"collection":[{"href":"https:\/\/turismo.globalformsrl.it\/index.php\/wp-json\/wp\/v2\/posts"}],"about":[{"href":"https:\/\/turismo.globalformsrl.it\/index.php\/wp-json\/wp\/v2\/types\/post"}],"author":[{"embeddable":true,"href":"https:\/\/turismo.globalformsrl.it\/index.php\/wp-json\/wp\/v2\/users\/4"}],"replies":[{"embeddable":true,"href":"https:\/\/turismo.globalformsrl.it\/index.php\/wp-json\/wp\/v2\/comments?post=1417"}],"version-history":[{"count":1,"href":"https:\/\/turismo.globalformsrl.it\/index.php\/wp-json\/wp\/v2\/posts\/1417\/revisions"}],"predecessor-version":[{"id":1418,"href":"https:\/\/turismo.globalformsrl.it\/index.php\/wp-json\/wp\/v2\/posts\/1417\/revisions\/1418"}],"wp:featuredmedia":[{"embeddable":true,"href":"https:\/\/turismo.globalformsrl.it\/index.php\/wp-json\/wp\/v2\/media\/1419"}],"wp:attachment":[{"href":"https:\/\/turismo.globalformsrl.it\/index.php\/wp-json\/wp\/v2\/media?parent=1417"}],"wp:term":[{"taxonomy":"category","embeddable":true,"href":"https:\/\/turismo.globalformsrl.it\/index.php\/wp-json\/wp\/v2\/categories?post=1417"},{"taxonomy":"post_tag","embeddable":true,"href":"https:\/\/turismo.globalformsrl.it\/index.php\/wp-json\/wp\/v2\/tags?post=1417"}],"curies":[{"name":"wp","href":"https:\/\/api.w.org\/{rel}","templated":true}]}}