{"id":1214,"date":"2025-05-06T11:01:33","date_gmt":"2025-05-06T09:01:33","guid":{"rendered":"https:\/\/turismo.globalformsrl.it\/?p=1214"},"modified":"2026-04-14T11:08:18","modified_gmt":"2026-04-14T09:08:18","slug":"costiera-amalfitana-autentica-il-reportage-tedesco-che-svela-la-vera-anima-della-divina","status":"publish","type":"post","link":"https:\/\/turismo.globalformsrl.it\/index.php\/2025\/05\/06\/costiera-amalfitana-autentica-il-reportage-tedesco-che-svela-la-vera-anima-della-divina\/","title":{"rendered":"Costiera Amalfitana autentica: il reportage tedesco che svela la vera anima della \u201cDivina\u201d"},"content":{"rendered":"\n<p>Un nuovo reportage pubblicato dal settimanale tedesco <em>Wochenblatt Reporter<\/em> offre una prospettiva originale e profonda sulla Costiera Amalfitana. Non la classica destinazione da cartolina, ma un territorio vissuto, respirato e raccontato con sensibilit\u00e0. Il giornalista ha esplorato la \u201cDivina\u201d durante l\u2019autunno, con il supporto del Distretto Turistico Costa d\u2019Amalfi, scoprendo la sua anima pi\u00f9 autentica.<\/p>\n\n\n\n<h2 class=\"wp-block-heading has-black-color has-text-color has-link-color wp-elements-3ad92ad9a73e3d92629d8039f9759e89\">Tra borghi e silenzi: la costa che vive<\/h2>\n\n\n\n<p>Nel reportage, la Costiera appare come un organismo vivo. Le strade lastricate, i muretti a secco, le case aggrappate alla roccia non sono semplici scenografie, ma elementi che raccontano storie secolari. Il viaggio si sviluppa tra scorci iconici e angoli meno noti, dove il tempo sembra rallentare e il passato continua a vivere nel quotidiano.<\/p>\n\n\n\n<h3 class=\"wp-block-heading has-black-color has-text-color has-link-color wp-elements-426e84515fbc23e401bf70321342c57b\">\ud83d\udccd Le tappe del viaggio: pi\u00f9 profondit\u00e0, meno clich\u00e9<\/h3>\n\n\n\n<ul class=\"wp-block-list\">\n<li><strong>Amalfi<\/strong> \u2013 tra storia, spiritualit\u00e0 e vita locale, lontano dal turismo frettoloso.<\/li>\n\n\n\n<li><strong>Positano<\/strong> \u2013 riscoperta come un villaggio verticale di emozioni, non solo estetica.<\/li>\n\n\n\n<li><strong>Maiori<\/strong> \u2013 con l\u2019abbraccio caloroso di Pina Napoli nella sua storica pasticceria.<\/li>\n\n\n\n<li><strong>Tramonti<\/strong> \u2013 cuore verde della costa, dove la terra e la tradizione guidano la sostenibilit\u00e0.<\/li>\n\n\n\n<li><strong>Bottega Amato<\/strong> \u2013 artigianato caseario e passione familiare tramandata con orgoglio.<\/li>\n\n\n\n<li><\/li>\n<\/ul>\n\n\n\n<p>Il reportage d\u00e0 voce ai veri protagonisti del territorio: gli abitanti. Artigiani, pasticcieri, allevatori, contadini. Figure che resistono con fierezza all\u2019omologazione turistica, mantenendo vive competenze e valori radicati nel tempo.<\/p>\n\n\n\n<h3 class=\"wp-block-heading has-black-color has-text-color has-link-color wp-elements-e6db7229cecbe9d4a92a310a631bd66d\">Oltre il turismo di massa: un esempio virtuoso<\/h3>\n\n\n\n<p>Grazie al supporto del Distretto Turistico Costa d\u2019Amalfi, il giornalista ha potuto vivere esperienze reali, partecipare, ascoltare e comprendere. \u00c8 un modello di accoglienza che punta su autenticit\u00e0 e sostenibilit\u00e0, invitando i viaggiatori a guardare oltre la superficie.<\/p>\n\n\n\n<h3 class=\"wp-block-heading has-black-color has-text-color has-link-color wp-elements-d03cd0bc36d30b02d654d532397af4cf\">Un invito a viaggiare con consapevolezza<\/h3>\n\n\n\n<p>In un mondo dominato da immagini virali e itinerari preconfezionati, questo reportage rappresenta un cambio di rotta: racconta la <strong>Costiera Amalfitana come esperienza umana<\/strong>, culturale e sensoriale. Una destinazione da vivere lentamente, con rispetto e curiosit\u00e0.<\/p>\n\n\n\n\n","protected":false},"excerpt":{"rendered":"<p>Un nuovo reportage pubblicato dal settimanale tedesco Wochenblatt Reporter offre una prospettiva originale e profonda sulla Costiera Amalfitana. Non la classica destinazione da cartolina, ma un territorio vissuto, respirato e &hellip; <\/p>\n","protected":false},"author":4,"featured_media":1229,"comment_status":"closed","ping_status":"open","sticky":false,"template":"","format":"standard","meta":{"footnotes":""},"categories":[97],"tags":[98,100,99],"class_list":["post-1214","post","type-post","status-publish","format-standard","has-post-thumbnail","hentry","category-costiera-amalfitana","tag-costiera-amalfitana","tag-turismo","tag-viaggio","latest_post"],"_links":{"self":[{"href":"https:\/\/turismo.globalformsrl.it\/index.php\/wp-json\/wp\/v2\/posts\/1214","targetHints":{"allow":["GET"]}}],"collection":[{"href":"https:\/\/turismo.globalformsrl.it\/index.php\/wp-json\/wp\/v2\/posts"}],"about":[{"href":"https:\/\/turismo.globalformsrl.it\/index.php\/wp-json\/wp\/v2\/types\/post"}],"author":[{"embeddable":true,"href":"https:\/\/turismo.globalformsrl.it\/index.php\/wp-json\/wp\/v2\/users\/4"}],"replies":[{"embeddable":true,"href":"https:\/\/turismo.globalformsrl.it\/index.php\/wp-json\/wp\/v2\/comments?post=1214"}],"version-history":[{"count":3,"href":"https:\/\/turismo.globalformsrl.it\/index.php\/wp-json\/wp\/v2\/posts\/1214\/revisions"}],"predecessor-version":[{"id":1218,"href":"https:\/\/turismo.globalformsrl.it\/index.php\/wp-json\/wp\/v2\/posts\/1214\/revisions\/1218"}],"wp:featuredmedia":[{"embeddable":true,"href":"https:\/\/turismo.globalformsrl.it\/index.php\/wp-json\/wp\/v2\/media\/1229"}],"wp:attachment":[{"href":"https:\/\/turismo.globalformsrl.it\/index.php\/wp-json\/wp\/v2\/media?parent=1214"}],"wp:term":[{"taxonomy":"category","embeddable":true,"href":"https:\/\/turismo.globalformsrl.it\/index.php\/wp-json\/wp\/v2\/categories?post=1214"},{"taxonomy":"post_tag","embeddable":true,"href":"https:\/\/turismo.globalformsrl.it\/index.php\/wp-json\/wp\/v2\/tags?post=1214"}],"curies":[{"name":"wp","href":"https:\/\/api.w.org\/{rel}","templated":true}]}}